{"id":865,"date":"2022-09-26T17:12:39","date_gmt":"2022-09-26T15:12:39","guid":{"rendered":"https:\/\/ereckers.de\/gewaltpraevention\/2022\/09\/26\/fuehrungszeugnis\/"},"modified":"2022-09-26T17:12:39","modified_gmt":"2022-09-26T15:12:39","slug":"fuehrungszeugnis","status":"publish","type":"post","link":"https:\/\/djk-arminia-eilendorf.de\/gewaltpraevention\/2022\/09\/26\/fuehrungszeugnis\/","title":{"rendered":"Wie bekomme ich ein erweitertes F\u00fchrungszeugnis"},"content":{"rendered":"<p>F\u00fcr alle haupt- und ehrenamtlichen Mitarbeiterinnen und Mitarbeiter, die im kinder- und jugendnahen Bereich t\u00e4tig sind, ist in einem 5-j\u00e4hrigen Rhythmus ein \u201eerweitertes F\u00fchrungszeugnis\u201c gem. \u00a7 30a Bundeszentralregistergesetz (BZRG) vom Verein vorgeschrieben.<\/p>\n<p>Das Antragsverfahren ist nachfolgend beschrieben.&nbsp;<\/p>\n<p><!--more--><\/p>\n<p>Das erweiterte F\u00fchrungszeugnis muss pers\u00f6nlich auf dem Gemeindeamt beantragt werden und wird dem Antragsteller per Post nach Hause zugestellt.<\/p>\n<ol>\n<li>Den Antrag f\u00fcr die kostenlose Ausstellung vom Gemeindeamt erh\u00e4lt man auf Nachfrage ausgef\u00fcllt vom Verein durch seinen Trainer oder von einem Vorstandsmitglied.<\/li>\n<li>Der Antrag wird dann vom Antragsteller pers\u00f6nlich im zust\u00e4ndigen Gemeideamt abgegeben.<\/li>\n<li>Nach einigen Tagen erh\u00e4lt der Antragsteller das F\u00fchrungszeugnis per Post nach Hause zugestellt.<\/li>\n<li>Der Antragsteller legt das F\u00fchrungszeugnis dem Vorsitzenden Johannes Kau\u00dfen zur Einsichtnahme vor. Dieser Vorgang wird vom Verein protokolliert. Das F\u00fchrungszeugnis ist pers\u00f6nliches Eigentum und verbleibt beim Antragsteller.<\/li>\n<\/ol>\n<p>Der Antrag ist auf diesem Wege f\u00fcr den Antragsteller kostenlos.<\/p>\n","protected":false},"excerpt":{"rendered":"<p>F\u00fcr alle haupt- und ehrenamtlichen Mitarbeiterinnen und Mitarbeiter, die im kinder- und jugendnahen Bereich t\u00e4tig sind, ist in einem 5-j\u00e4hrigen Rhythmus ein \u201eerweitertes F\u00fchrungszeugnis\u201c gem. \u00a7 30a Bundeszentralregistergesetz (BZRG) vom Verein vorgeschrieben. Das Antragsverfahren ist nachfolgend beschrieben.&nbsp;<\/p>\n","protected":false},"author":1,"featured_media":1819,"comment_status":"open","ping_status":"open","sticky":false,"template":"","format":"standard","meta":{"_jetpack_memberships_contains_paid_content":false,"footnotes":""},"categories":[8],"tags":[],"class_list":["post-865","post","type-post","status-publish","format-standard","has-post-thumbnail","hentry","category-gewaltpraevention"],"jetpack_featured_media_url":"https:\/\/djk-arminia-eilendorf.de\/gewaltpraevention\/wp-content\/uploads\/sites\/7\/2023\/12\/Fuehrungszeugnis.jpg","jetpack_sharing_enabled":true,"publishpress_future_action":{"enabled":false,"date":"2026-05-07 22:45:00","action":"change-status","newStatus":"draft","terms":[],"taxonomy":"category","extraData":[]},"publishpress_future_workflow_manual_trigger":{"enabledWorkflows":[]},"_links":{"self":[{"href":"https:\/\/djk-arminia-eilendorf.de\/gewaltpraevention\/wp-json\/wp\/v2\/posts\/865","targetHints":{"allow":["GET"]}}],"collection":[{"href":"https:\/\/djk-arminia-eilendorf.de\/gewaltpraevention\/wp-json\/wp\/v2\/posts"}],"about":[{"href":"https:\/\/djk-arminia-eilendorf.de\/gewaltpraevention\/wp-json\/wp\/v2\/types\/post"}],"author":[{"embeddable":true,"href":"https:\/\/djk-arminia-eilendorf.de\/gewaltpraevention\/wp-json\/wp\/v2\/users\/1"}],"replies":[{"embeddable":true,"href":"https:\/\/djk-arminia-eilendorf.de\/gewaltpraevention\/wp-json\/wp\/v2\/comments?post=865"}],"version-history":[{"count":0,"href":"https:\/\/djk-arminia-eilendorf.de\/gewaltpraevention\/wp-json\/wp\/v2\/posts\/865\/revisions"}],"wp:featuredmedia":[{"embeddable":true,"href":"https:\/\/djk-arminia-eilendorf.de\/gewaltpraevention\/wp-json\/wp\/v2\/media\/1819"}],"wp:attachment":[{"href":"https:\/\/djk-arminia-eilendorf.de\/gewaltpraevention\/wp-json\/wp\/v2\/media?parent=865"}],"wp:term":[{"taxonomy":"category","embeddable":true,"href":"https:\/\/djk-arminia-eilendorf.de\/gewaltpraevention\/wp-json\/wp\/v2\/categories?post=865"},{"taxonomy":"post_tag","embeddable":true,"href":"https:\/\/djk-arminia-eilendorf.de\/gewaltpraevention\/wp-json\/wp\/v2\/tags?post=865"}],"curies":[{"name":"wp","href":"https:\/\/api.w.org\/{rel}","templated":true}]}}