{"id":90,"date":"2025-04-14T16:32:04","date_gmt":"2025-04-14T14:32:04","guid":{"rendered":"https:\/\/djk-arminia-eilendorf.de\/leichtathletik\/2025\/04\/14\/das-naechtse-djk-bundessportfest-naht-pfingsten-2026-in-essen\/"},"modified":"2025-10-14T10:19:42","modified_gmt":"2025-10-14T08:19:42","slug":"das-naechtse-djk-bundessportfest-naht-pfingsten-2026-in-essen","status":"publish","type":"post","link":"https:\/\/djk-arminia-eilendorf.de\/leichtathletik\/2025\/04\/14\/das-naechtse-djk-bundessportfest-naht-pfingsten-2026-in-essen\/","title":{"rendered":"Das n\u00e4chste DJK Bundessportfest naht &#8230; Pfingsten 2026 in Essen !!!"},"content":{"rendered":"<p>Vom 22. &#8211; 25.Mai 2026 findet 2026 das 20. DJK Bundessportfest in Essen statt. Alle DJK-Vereine sind herzlich dazu eingeladen.<\/p>\n<p>Auch f\u00fcr unseren Verein sind einige Sportarten dabei:<\/p>\n<ul>\n<li>Fu\u00dfball<\/li>\n<li>Tischtennis<\/li>\n<li>Badminton<\/li>\n<li>Leichtathletik<\/li>\n<\/ul>\n<p>Weiterf\u00fchrende Informationen gibt es auf der <a href=\"https:\/\/www.djk.de\/de\/sport\/sportevents\/djk-bundessportfest\/\">DJK-Seite<\/a> ! Den Flyer zum Sportfest k\u00f6nnt ihr euch <a href=\"https:\/\/www.djk.de\/download-file?file_code=c6ffbc3fcd&amp;file_id=4276\">hier<\/a> herunterladen.<\/p>\n<p>Also &#8211; schaut mal rein. Vieleicht ist euer Saisonabschlu\u00df 2025\/26 n\u00e4chstes Jahr in Essen. Die Planung und Reise ist auf jeden Fall lohnenswert.<\/p>\n<p>Bei Interesse meldet euch bitte beim <a href=\"http:\/\/Mailto: Vorstand@DJK-Arminia-Eilendorf.de\">Vereinsvorstand<\/a>. Er kann euch Informationen zum Sportfest geben und wird euch bei der Anmeldung unterst\u00fctzen.<\/p>\n","protected":false},"excerpt":{"rendered":"<p>Vom 22. &#8211; 25.Mai 2026 findet 2026 das 20. DJK Bundessportfest in Essen statt. Alle DJK-Vereine sind herzlich dazu eingeladen. Auch f\u00fcr unseren Verein sind einige Sportarten dabei: Fu\u00dfball Tischtennis Badminton Leichtathletik Weiterf\u00fchrende Informationen gibt es auf der DJK-Seite ! Den Flyer zum Sportfest k\u00f6nnt ihr euch hier herunterladen. Also &#8211; schaut mal rein. Vieleicht [&hellip;]<\/p>\n","protected":false},"author":1,"featured_media":92,"comment_status":"closed","ping_status":"open","sticky":false,"template":"","format":"standard","meta":{"_jetpack_memberships_contains_paid_content":false,"footnotes":""},"categories":[3,1],"tags":[],"class_list":["post-90","post","type-post","status-publish","format-standard","has-post-thumbnail","hentry","category-aktuelles","category-termine"],"jetpack_featured_media_url":"https:\/\/djk-arminia-eilendorf.de\/leichtathletik\/wp-content\/uploads\/sites\/9\/2025\/04\/DJK-Bundessportfest-2026.jpg","jetpack_sharing_enabled":true,"publishpress_future_action":{"enabled":false,"date":"2026-05-07 09:32:43","action":"change-status","newStatus":"draft","terms":[],"taxonomy":"category","extraData":[]},"publishpress_future_workflow_manual_trigger":{"enabledWorkflows":[]},"_links":{"self":[{"href":"https:\/\/djk-arminia-eilendorf.de\/leichtathletik\/wp-json\/wp\/v2\/posts\/90","targetHints":{"allow":["GET"]}}],"collection":[{"href":"https:\/\/djk-arminia-eilendorf.de\/leichtathletik\/wp-json\/wp\/v2\/posts"}],"about":[{"href":"https:\/\/djk-arminia-eilendorf.de\/leichtathletik\/wp-json\/wp\/v2\/types\/post"}],"author":[{"embeddable":true,"href":"https:\/\/djk-arminia-eilendorf.de\/leichtathletik\/wp-json\/wp\/v2\/users\/1"}],"replies":[{"embeddable":true,"href":"https:\/\/djk-arminia-eilendorf.de\/leichtathletik\/wp-json\/wp\/v2\/comments?post=90"}],"version-history":[{"count":4,"href":"https:\/\/djk-arminia-eilendorf.de\/leichtathletik\/wp-json\/wp\/v2\/posts\/90\/revisions"}],"predecessor-version":[{"id":136,"href":"https:\/\/djk-arminia-eilendorf.de\/leichtathletik\/wp-json\/wp\/v2\/posts\/90\/revisions\/136"}],"wp:featuredmedia":[{"embeddable":true,"href":"https:\/\/djk-arminia-eilendorf.de\/leichtathletik\/wp-json\/wp\/v2\/media\/92"}],"wp:attachment":[{"href":"https:\/\/djk-arminia-eilendorf.de\/leichtathletik\/wp-json\/wp\/v2\/media?parent=90"}],"wp:term":[{"taxonomy":"category","embeddable":true,"href":"https:\/\/djk-arminia-eilendorf.de\/leichtathletik\/wp-json\/wp\/v2\/categories?post=90"},{"taxonomy":"post_tag","embeddable":true,"href":"https:\/\/djk-arminia-eilendorf.de\/leichtathletik\/wp-json\/wp\/v2\/tags?post=90"}],"curies":[{"name":"wp","href":"https:\/\/api.w.org\/{rel}","templated":true}]}}