{"id":2886,"date":"2025-09-03T18:40:53","date_gmt":"2025-09-03T16:40:53","guid":{"rendered":"https:\/\/djk-arminia-eilendorf.de\/schach\/?p=2886"},"modified":"2025-09-04T20:32:08","modified_gmt":"2025-09-04T18:32:08","slug":"eupen-2025-lucas-zoom","status":"publish","type":"post","link":"https:\/\/djk-arminia-eilendorf.de\/schach\/2025\/09\/03\/eupen-2025-lucas-zoom\/","title":{"rendered":"Eupen 2025 &#8211; Lucas Zoom"},"content":{"rendered":"<p>Wie jedes Jahr fand gerade das Jugendturnier von KSK Rochade Eupen Kelmis statt &#8211; im Schatten des ehrw\u00fcrden Parlaments der Deutschsprachigen Gemeinschaft Belgiens. Das beliebte Turnier war wieder pickepackevoll. Zum Gl\u00fcck war das Wetter gn\u00e4dig und die zahlreichen Teilnehmer konnten sich \u00fcber die Parlaments-Gr\u00fcnanlagen verteilen. So kurz nach den Ferien schafften wir es nicht, mit der vollen Jugend anzutreten, wie sonst, aber einige schafften es doch noch, durch den Anmeldeschluss zu schl\u00fcpfen.<\/p>\n<p><!--more--><\/p>\n<figure id=\"attachment_2888\" aria-describedby=\"caption-attachment-2888\" style=\"width: 226px\" class=\"wp-caption alignright\"><img loading=\"lazy\" decoding=\"async\" class=\"wp-image-2888 size-medium\" src=\"https:\/\/djk-arminia-eilendorf.de\/schach\/wp-content\/uploads\/sites\/2\/2025\/09\/Luca004-226x300.jpg\" alt=\"Luca mit Pokal\" width=\"226\" height=\"300\" srcset=\"https:\/\/djk-arminia-eilendorf.de\/schach\/wp-content\/uploads\/sites\/2\/2025\/09\/Luca004-226x300.jpg 226w, https:\/\/djk-arminia-eilendorf.de\/schach\/wp-content\/uploads\/sites\/2\/2025\/09\/Luca004.jpg 632w\" sizes=\"auto, (max-width: 226px) 100vw, 226px\" \/><figcaption id=\"caption-attachment-2888\" class=\"wp-caption-text\">Luca mit Pokal als Dritter der U12<\/figcaption><\/figure>\n<p>&nbsp;<\/p>\n<p>Eine kleine Sensation schaffte Luca: in der U12 kam er auf Platz 3 und lie\u00df, sage und schreibe, 11 h\u00f6her Gesetzte hinter sich. Der Pokal ist wohlverdient &#8211; und sicher nicht der letzte. Mal sehen, wie er sich in den n\u00e4chsten Herausforderungen schl\u00e4gt. Sein Bruder Marco und auch Sandro schlugen sich wacker und lie\u00dfen mehrere h\u00f6her gesetzte Spieler hinter sich &#8211; aber beide hatten ein Feld mit Spielern von 500-1000 DWZ mehr vor sich. Da kann man, mit G\u00fcck, ein paar Mal standhalten &#8211; aber normalerweise sind die Chancen bei mehreren Hundert DWZ Unterschied eher gering. Da m\u00fcssen weitere Stappenhefte her, als Verst\u00e4rkung.<\/p>\n<p>&nbsp;<\/p>\n<p>&nbsp;<\/p>\n<p>&nbsp;<\/p>\n<p>&nbsp;<\/p>\n<p>&nbsp;<\/p>\n<figure id=\"attachment_2893\" aria-describedby=\"caption-attachment-2893\" style=\"width: 178px\" class=\"wp-caption alignright\"><img loading=\"lazy\" decoding=\"async\" class=\"wp-image-2893 size-medium\" src=\"https:\/\/djk-arminia-eilendorf.de\/schach\/wp-content\/uploads\/sites\/2\/2025\/09\/ingmar003-178x300.jpg\" alt=\"Ingmar gewinnt die U16\" width=\"178\" height=\"300\" srcset=\"https:\/\/djk-arminia-eilendorf.de\/schach\/wp-content\/uploads\/sites\/2\/2025\/09\/ingmar003-178x300.jpg 178w, https:\/\/djk-arminia-eilendorf.de\/schach\/wp-content\/uploads\/sites\/2\/2025\/09\/ingmar003.jpg 480w\" sizes=\"auto, (max-width: 178px) 100vw, 178px\" \/><figcaption id=\"caption-attachment-2893\" class=\"wp-caption-text\">Ingmar gewinnt die U16<\/figcaption><\/figure>\n<p>&nbsp;<\/p>\n<p>&nbsp;<\/p>\n<p>&nbsp;<\/p>\n<p>Ingmar, der seinen vorj\u00e4hrigen Wewelsburg Sieg nicht verteidigen konnte (aber wer konnte das schon <a href=\"https:\/\/www.sjnrw.de\/77-news\/1140-ein-fantastisches-wewelsburg-jahr.html\">Ingi bei der letzten Wewelsburg<\/a>) , schaffte einen souver\u00e4nen Sieg in der U16. Mit 8\/9 hatte er einen ganzen Punkt Vorsprung auf die Verfolger. Ein guter Start in die n\u00e4chste Saison.<\/p>\n<p>&nbsp;<\/p>\n<p>&nbsp;<\/p>\n<p>&nbsp;<\/p>\n<p>&nbsp;<\/p>\n<figure id=\"attachment_2902\" aria-describedby=\"caption-attachment-2902\" style=\"width: 212px\" class=\"wp-caption alignright\"><img loading=\"lazy\" decoding=\"async\" class=\"wp-image-2902 size-medium\" src=\"https:\/\/djk-arminia-eilendorf.de\/schach\/wp-content\/uploads\/sites\/2\/2025\/09\/alwin002-212x300.jpg\" alt=\"Alwin mit Rafael in der U20\" width=\"212\" height=\"300\" srcset=\"https:\/\/djk-arminia-eilendorf.de\/schach\/wp-content\/uploads\/sites\/2\/2025\/09\/alwin002-212x300.jpg 212w, https:\/\/djk-arminia-eilendorf.de\/schach\/wp-content\/uploads\/sites\/2\/2025\/09\/alwin002.jpg 306w\" sizes=\"auto, (max-width: 212px) 100vw, 212px\" \/><figcaption id=\"caption-attachment-2902\" class=\"wp-caption-text\">Alwin mit Sieger Rafael in der U20<\/figcaption><\/figure>\n<p>&nbsp;<\/p>\n<p>&nbsp;<\/p>\n<p>&nbsp;<\/p>\n<p>&nbsp;<\/p>\n<p>Alwin &#8211; seine letzte Teilnahme in der Jugend &#8211; landete mit einem halben Punkt hinter dem Sieger, auf Platz 3 (eigentlich 4ter, aber Platz 2 wurde geteilt). Wir freuen uns besonders \u00fcber Rafael Sabirov, den Sieger, Alwins Freund und Gegner praktisch seit sie Schachfiguren halten konnten.<\/p>\n<p>&nbsp;<\/p>\n<p>Alle Ergebnisse im Detail bei KSK Rochade Eupen Kelmis:\u00a0<a href=\"https:\/\/kskrochade.be\/2025\/07\/02\/21-internationales-jugendturnier\/\">Ergebnisse Jugendturnier 2025<\/a><\/p>\n<p>&nbsp;<\/p>\n<p>&nbsp;<\/p>\n<p>&nbsp;<\/p>\n<p>&nbsp;<\/p>\n<p>&nbsp;<\/p>\n<p>&nbsp;<\/p>\n<p>&nbsp;<\/p>\n<p>&nbsp;<\/p>\n<p>&nbsp;<\/p>\n<p>&nbsp;<\/p>\n<p>&nbsp;<\/p>\n<p>&nbsp;<\/p>\n<p>&nbsp;<\/p>\n<p>&nbsp;<\/p>\n","protected":false},"excerpt":{"rendered":"<p>Wie jedes Jahr fand gerade das Jugendturnier von KSK Rochade Eupen Kelmis statt &#8211; im Schatten des ehrw\u00fcrden Parlaments der Deutschsprachigen Gemeinschaft Belgiens. Das beliebte Turnier war wieder pickepackevoll. Zum Gl\u00fcck war das Wetter gn\u00e4dig und die zahlreichen Teilnehmer konnten sich \u00fcber die Parlaments-Gr\u00fcnanlagen verteilen. So kurz nach den Ferien schafften wir es nicht, mit [&hellip;]<\/p>\n","protected":false},"author":9,"featured_media":2887,"comment_status":"open","ping_status":"open","sticky":false,"template":"","format":"standard","meta":{"_jetpack_memberships_contains_paid_content":false,"footnotes":""},"categories":[18,19],"tags":[],"class_list":["post-2886","post","type-post","status-publish","format-standard","has-post-thumbnail","hentry","category-schachaktuelles-2","category-schach-jugend"],"jetpack_featured_media_url":"https:\/\/djk-arminia-eilendorf.de\/schach\/wp-content\/uploads\/sites\/2\/2025\/09\/pavillon001.jpg","jetpack_sharing_enabled":true,"publishpress_future_action":{"enabled":false,"date":"2026-05-07 22:02:17","action":"change-status","newStatus":"draft","terms":[],"taxonomy":"category","extraData":[]},"publishpress_future_workflow_manual_trigger":{"enabledWorkflows":[]},"_links":{"self":[{"href":"https:\/\/djk-arminia-eilendorf.de\/schach\/wp-json\/wp\/v2\/posts\/2886","targetHints":{"allow":["GET"]}}],"collection":[{"href":"https:\/\/djk-arminia-eilendorf.de\/schach\/wp-json\/wp\/v2\/posts"}],"about":[{"href":"https:\/\/djk-arminia-eilendorf.de\/schach\/wp-json\/wp\/v2\/types\/post"}],"author":[{"embeddable":true,"href":"https:\/\/djk-arminia-eilendorf.de\/schach\/wp-json\/wp\/v2\/users\/9"}],"replies":[{"embeddable":true,"href":"https:\/\/djk-arminia-eilendorf.de\/schach\/wp-json\/wp\/v2\/comments?post=2886"}],"version-history":[{"count":16,"href":"https:\/\/djk-arminia-eilendorf.de\/schach\/wp-json\/wp\/v2\/posts\/2886\/revisions"}],"predecessor-version":[{"id":2906,"href":"https:\/\/djk-arminia-eilendorf.de\/schach\/wp-json\/wp\/v2\/posts\/2886\/revisions\/2906"}],"wp:featuredmedia":[{"embeddable":true,"href":"https:\/\/djk-arminia-eilendorf.de\/schach\/wp-json\/wp\/v2\/media\/2887"}],"wp:attachment":[{"href":"https:\/\/djk-arminia-eilendorf.de\/schach\/wp-json\/wp\/v2\/media?parent=2886"}],"wp:term":[{"taxonomy":"category","embeddable":true,"href":"https:\/\/djk-arminia-eilendorf.de\/schach\/wp-json\/wp\/v2\/categories?post=2886"},{"taxonomy":"post_tag","embeddable":true,"href":"https:\/\/djk-arminia-eilendorf.de\/schach\/wp-json\/wp\/v2\/tags?post=2886"}],"curies":[{"name":"wp","href":"https:\/\/api.w.org\/{rel}","templated":true}]}}