{"id":2971,"date":"2025-09-30T17:41:37","date_gmt":"2025-09-30T15:41:37","guid":{"rendered":"https:\/\/djk-arminia-eilendorf.de\/schach\/?p=2971"},"modified":"2025-09-30T17:41:37","modified_gmt":"2025-09-30T15:41:37","slug":"schach-beim-tag-der-offenen-tuer-in-der-grundschule-bruehlstrasse","status":"publish","type":"post","link":"https:\/\/djk-arminia-eilendorf.de\/schach\/2025\/09\/30\/schach-beim-tag-der-offenen-tuer-in-der-grundschule-bruehlstrasse\/","title":{"rendered":"Schach beim Tag der Offenen T\u00fcr in der Grundschule Br\u00fchlstra\u00dfe"},"content":{"rendered":"<p>Am Samstag hatte die Grundschule Br\u00fchlstra\u00dfe ihren Tag der Offenen T\u00fcr. Als Kooperationspartner waren wir mit 4 Schachbretter und unserem Publikumsmagneten, dem Au\u00dfenschach, vor Ort. F\u00fcr die vielen Fragen stand unser Abteilungsvorstand mit Irmin und Christopher jederzeit bereit.<\/p>\n<p>&nbsp;<\/p>\n","protected":false},"excerpt":{"rendered":"<p>Am Samstag hatte die Grundschule Br\u00fchlstra\u00dfe ihren Tag der Offenen T\u00fcr. Als Kooperationspartner waren wir mit 4 Schachbretter und unserem Publikumsmagneten, dem Au\u00dfenschach, vor Ort. F\u00fcr die vielen Fragen stand unser Abteilungsvorstand mit Irmin und Christopher jederzeit bereit. &nbsp;<\/p>\n","protected":false},"author":2,"featured_media":1597,"comment_status":"open","ping_status":"open","sticky":false,"template":"","format":"standard","meta":{"_jetpack_memberships_contains_paid_content":false,"footnotes":""},"categories":[19],"tags":[],"class_list":["post-2971","post","type-post","status-publish","format-standard","has-post-thumbnail","hentry","category-schach-jugend"],"jetpack_featured_media_url":"https:\/\/djk-arminia-eilendorf.de\/schach\/wp-content\/uploads\/sites\/2\/2024\/01\/Achtung.png","jetpack_sharing_enabled":true,"publishpress_future_action":{"enabled":false,"date":"2026-05-07 22:09:02","action":"change-status","newStatus":"draft","terms":[],"taxonomy":"category","extraData":[]},"publishpress_future_workflow_manual_trigger":{"enabledWorkflows":[]},"_links":{"self":[{"href":"https:\/\/djk-arminia-eilendorf.de\/schach\/wp-json\/wp\/v2\/posts\/2971","targetHints":{"allow":["GET"]}}],"collection":[{"href":"https:\/\/djk-arminia-eilendorf.de\/schach\/wp-json\/wp\/v2\/posts"}],"about":[{"href":"https:\/\/djk-arminia-eilendorf.de\/schach\/wp-json\/wp\/v2\/types\/post"}],"author":[{"embeddable":true,"href":"https:\/\/djk-arminia-eilendorf.de\/schach\/wp-json\/wp\/v2\/users\/2"}],"replies":[{"embeddable":true,"href":"https:\/\/djk-arminia-eilendorf.de\/schach\/wp-json\/wp\/v2\/comments?post=2971"}],"version-history":[{"count":1,"href":"https:\/\/djk-arminia-eilendorf.de\/schach\/wp-json\/wp\/v2\/posts\/2971\/revisions"}],"predecessor-version":[{"id":2972,"href":"https:\/\/djk-arminia-eilendorf.de\/schach\/wp-json\/wp\/v2\/posts\/2971\/revisions\/2972"}],"wp:featuredmedia":[{"embeddable":true,"href":"https:\/\/djk-arminia-eilendorf.de\/schach\/wp-json\/wp\/v2\/media\/1597"}],"wp:attachment":[{"href":"https:\/\/djk-arminia-eilendorf.de\/schach\/wp-json\/wp\/v2\/media?parent=2971"}],"wp:term":[{"taxonomy":"category","embeddable":true,"href":"https:\/\/djk-arminia-eilendorf.de\/schach\/wp-json\/wp\/v2\/categories?post=2971"},{"taxonomy":"post_tag","embeddable":true,"href":"https:\/\/djk-arminia-eilendorf.de\/schach\/wp-json\/wp\/v2\/tags?post=2971"}],"curies":[{"name":"wp","href":"https:\/\/api.w.org\/{rel}","templated":true}]}}