{"id":401,"date":"2013-05-09T23:02:49","date_gmt":"2013-05-09T21:02:49","guid":{"rendered":"https:\/\/ereckers.de\/schach\/2013\/05\/09\/def-cup-2013\/"},"modified":"2013-05-09T23:02:49","modified_gmt":"2013-05-09T21:02:49","slug":"def-cup-2013","status":"publish","type":"post","link":"https:\/\/djk-arminia-eilendorf.de\/schach\/2013\/05\/09\/def-cup-2013\/","title":{"rendered":"Arminia-Jugend beim DEF-Cup 2013"},"content":{"rendered":"<p>Beim DEF-Cup 2013 in Herzogenrath trat die Jugend der Arminia erstmals bei einem externen Turnier an.<\/p>\n<p><!--more--><\/p>\n<p>Voller Spannung bei allen Beteiligten reisten vier Teilnehmer der U8 und einer der U10 mit Trainern und Eltern an. 7 Runden a 15min waren zu absolvieren bei stark besetzten Altersgruppen aus dem Grenzland und NRW. Trotz dieser hohen Anspr\u00fcche an unsere v\u00f6llig unerfahrenen Spieler und Trainer konnte sich das Ergebnis aus Sicht der Arminia sehen lassen und lieferte wichtige Erfahrungen f\u00fcr die Zukunft.<\/p>\n<p><img loading=\"lazy\" decoding=\"async\" class=\" size-full wp-image-399\" src=\"https:\/\/djk-arminia-eilendorf.de\/schach\/wp-content\/uploads\/sites\/2\/2013\/05\/dscn9944.jpg\" border=\"0\" alt=\"\" width=\"600\" height=\"448\" \/><\/p>\n<p>Yannik erreichte punktgleich mit Platz drei den undankbaren vierten Platz. S\u00f6ren und Thomas erreichten einen gesunden Platz im Mittelfeld, Julius und Ben k\u00e4mpften trotz anf\u00e4nglicher R\u00fcckschl\u00e4ge geduldig und konnten immerhin je zwei Punkte erreichen. Einzelheiten auf der Seite der ASJ.<\/p>\n<p><img loading=\"lazy\" decoding=\"async\" class=\" size-full wp-image-400\" src=\"https:\/\/djk-arminia-eilendorf.de\/schach\/wp-content\/uploads\/sites\/2\/2013\/05\/dscn9949.jpg\" border=\"0\" alt=\"\" width=\"621\" height=\"464\" \/><\/p>\n<p>F\u00fcr Trainer und Verein hei\u00dft das Ergebnis in erster Linie, dass unser Konzept sich bew\u00e4hrt und wir auf einem guten Weg sind.<\/p>\n<p>Wir richten besonderen Dank an die Ausrichter des Turniers, die mit ihrer tollen Organisation und gro\u00dfem Einsatz bei den vielen Aufgaben dieses Erlebnis f\u00fcr 93 Teilnehmer und viele begeisterte Eltern m\u00f6glich gemacht haben.<\/p>\n<p>\u00a0<\/p>\n","protected":false},"excerpt":{"rendered":"<p>Beim DEF-Cup 2013 in Herzogenrath trat die Jugend der Arminia erstmals bei einem externen Turnier an.<\/p>\n","protected":false},"author":1,"featured_media":399,"comment_status":"open","ping_status":"open","sticky":false,"template":"","format":"standard","meta":{"_jetpack_memberships_contains_paid_content":false,"footnotes":""},"categories":[19],"tags":[],"class_list":["post-401","post","type-post","status-publish","format-standard","has-post-thumbnail","hentry","category-schach-jugend"],"jetpack_featured_media_url":"https:\/\/djk-arminia-eilendorf.de\/schach\/wp-content\/uploads\/sites\/2\/2013\/05\/dscn9944.jpg","jetpack_sharing_enabled":true,"publishpress_future_action":{"enabled":false,"date":"2026-05-07 23:36:12","action":"change-status","newStatus":"draft","terms":[],"taxonomy":"category","extraData":[]},"publishpress_future_workflow_manual_trigger":{"enabledWorkflows":[]},"_links":{"self":[{"href":"https:\/\/djk-arminia-eilendorf.de\/schach\/wp-json\/wp\/v2\/posts\/401","targetHints":{"allow":["GET"]}}],"collection":[{"href":"https:\/\/djk-arminia-eilendorf.de\/schach\/wp-json\/wp\/v2\/posts"}],"about":[{"href":"https:\/\/djk-arminia-eilendorf.de\/schach\/wp-json\/wp\/v2\/types\/post"}],"author":[{"embeddable":true,"href":"https:\/\/djk-arminia-eilendorf.de\/schach\/wp-json\/wp\/v2\/users\/1"}],"replies":[{"embeddable":true,"href":"https:\/\/djk-arminia-eilendorf.de\/schach\/wp-json\/wp\/v2\/comments?post=401"}],"version-history":[{"count":0,"href":"https:\/\/djk-arminia-eilendorf.de\/schach\/wp-json\/wp\/v2\/posts\/401\/revisions"}],"wp:featuredmedia":[{"embeddable":true,"href":"https:\/\/djk-arminia-eilendorf.de\/schach\/wp-json\/wp\/v2\/media\/399"}],"wp:attachment":[{"href":"https:\/\/djk-arminia-eilendorf.de\/schach\/wp-json\/wp\/v2\/media?parent=401"}],"wp:term":[{"taxonomy":"category","embeddable":true,"href":"https:\/\/djk-arminia-eilendorf.de\/schach\/wp-json\/wp\/v2\/categories?post=401"},{"taxonomy":"post_tag","embeddable":true,"href":"https:\/\/djk-arminia-eilendorf.de\/schach\/wp-json\/wp\/v2\/tags?post=401"}],"curies":[{"name":"wp","href":"https:\/\/api.w.org\/{rel}","templated":true}]}}