{"id":408,"date":"2013-06-30T18:56:05","date_gmt":"2013-06-30T16:56:05","guid":{"rendered":"https:\/\/ereckers.de\/schach\/2013\/06\/30\/buergerfest-mit-bloco-luoco-14-7-2013\/"},"modified":"2013-06-30T18:56:05","modified_gmt":"2013-06-30T16:56:05","slug":"buergerfest-mit-bloco-luoco-14-7-2013","status":"publish","type":"post","link":"https:\/\/djk-arminia-eilendorf.de\/schach\/2013\/06\/30\/buergerfest-mit-bloco-luoco-14-7-2013\/","title":{"rendered":"B\u00fcrgerfest mit Bloco Louco 14.7.2013"},"content":{"rendered":"<p>Zum diesj\u00e4hrigen B\u00fcrgerfest hat die Schachabteilung wieder die Samba Gruppe Bloco Louco gewinnen k\u00f6nnen.<\/p>\n<p><!--more--><\/p>\n<p><a href=\"images\/stories\/bloco_louco_buergerfest.jpg\" target=\"_blank\" rel=\"noopener\"><img decoding=\"async\" src=\"images\/stories\/bloco_louco_buergerfest.jpg\" border=\"0\" alt=\"Bloco Louco auf dem B\u00fcrgerfest\" title=\"Bloco Louco auf dem B\u00fcrgerfest\" width=\"400\" align=\"left\" style=\"border: 0;float: left\" \/><\/a><\/p>\n<p>Wir werden am Sonntag vor dem Schachheim unser Training nach drau\u00dfen verlegen. Wir hoffen auf regen Besuch. PS: nach 15:00 Uhr spielt die Samba Gruppe Bloco Louco und mischt das B\u00fcrgerfest auf&#8230;.<\/p>\n","protected":false},"excerpt":{"rendered":"<p>Zum diesj\u00e4hrigen B\u00fcrgerfest hat die Schachabteilung wieder die Samba Gruppe Bloco Louco gewinnen k\u00f6nnen.<\/p>\n","protected":false},"author":1,"featured_media":0,"comment_status":"open","ping_status":"open","sticky":false,"template":"","format":"standard","meta":{"_jetpack_memberships_contains_paid_content":false,"footnotes":""},"categories":[18],"tags":[],"class_list":["post-408","post","type-post","status-publish","format-standard","hentry","category-schachaktuelles-2"],"jetpack_featured_media_url":"","jetpack_sharing_enabled":true,"publishpress_future_action":{"enabled":false,"date":"2026-05-08 00:47:11","action":"change-status","newStatus":"draft","terms":[],"taxonomy":"category","extraData":[]},"publishpress_future_workflow_manual_trigger":{"enabledWorkflows":[]},"_links":{"self":[{"href":"https:\/\/djk-arminia-eilendorf.de\/schach\/wp-json\/wp\/v2\/posts\/408","targetHints":{"allow":["GET"]}}],"collection":[{"href":"https:\/\/djk-arminia-eilendorf.de\/schach\/wp-json\/wp\/v2\/posts"}],"about":[{"href":"https:\/\/djk-arminia-eilendorf.de\/schach\/wp-json\/wp\/v2\/types\/post"}],"author":[{"embeddable":true,"href":"https:\/\/djk-arminia-eilendorf.de\/schach\/wp-json\/wp\/v2\/users\/1"}],"replies":[{"embeddable":true,"href":"https:\/\/djk-arminia-eilendorf.de\/schach\/wp-json\/wp\/v2\/comments?post=408"}],"version-history":[{"count":0,"href":"https:\/\/djk-arminia-eilendorf.de\/schach\/wp-json\/wp\/v2\/posts\/408\/revisions"}],"wp:attachment":[{"href":"https:\/\/djk-arminia-eilendorf.de\/schach\/wp-json\/wp\/v2\/media?parent=408"}],"wp:term":[{"taxonomy":"category","embeddable":true,"href":"https:\/\/djk-arminia-eilendorf.de\/schach\/wp-json\/wp\/v2\/categories?post=408"},{"taxonomy":"post_tag","embeddable":true,"href":"https:\/\/djk-arminia-eilendorf.de\/schach\/wp-json\/wp\/v2\/tags?post=408"}],"curies":[{"name":"wp","href":"https:\/\/api.w.org\/{rel}","templated":true}]}}