{"id":418,"date":"2013-07-16T21:17:15","date_gmt":"2013-07-16T19:17:15","guid":{"rendered":"https:\/\/ereckers.de\/schach\/2013\/07\/16\/schach-buergerfest-2013\/"},"modified":"2013-07-16T21:17:15","modified_gmt":"2013-07-16T19:17:15","slug":"schach-buergerfest-2013","status":"publish","type":"post","link":"https:\/\/djk-arminia-eilendorf.de\/schach\/2013\/07\/16\/schach-buergerfest-2013\/","title":{"rendered":"Schach auf dem B\u00fcrgerfest"},"content":{"rendered":"<p>Die Schachabteilung pr\u00e4sentierte sich am Sonntag bei strahlendem Wetter auf dem B\u00fcrgerfest.<\/p>\n<p><!--more--><\/p>\n<p>Kurzerhand wurde das sonnt\u00e4gliche Training\u00a0f\u00fcr das B\u00fcrgerfest nach drau\u00dfen verlagert. Tische und St\u00fchle wurde von den Erwachsenen heruntergetragen und die Kinder bauten mit Flei\u00df das Au\u00dfenschach auf. <img decoding=\"async\" class=\" size-full wp-image-417\" src=\"https:\/\/djk-arminia-eilendorf.de\/schach\/wp-content\/uploads\/sites\/2\/2013\/07\/Buergerfest_20130714_101829.jpg\" border=\"0\" alt=\"Schach auf dem B\u00fcrgerfest\" width=\"650\" srcset=\"https:\/\/djk-arminia-eilendorf.de\/schach\/wp-content\/uploads\/sites\/2\/2013\/07\/Buergerfest_20130714_101829.jpg 2064w, https:\/\/djk-arminia-eilendorf.de\/schach\/wp-content\/uploads\/sites\/2\/2013\/07\/Buergerfest_20130714_101829-300x169.jpg 300w, https:\/\/djk-arminia-eilendorf.de\/schach\/wp-content\/uploads\/sites\/2\/2013\/07\/Buergerfest_20130714_101829-1024x576.jpg 1024w, https:\/\/djk-arminia-eilendorf.de\/schach\/wp-content\/uploads\/sites\/2\/2013\/07\/Buergerfest_20130714_101829-768x432.jpg 768w, https:\/\/djk-arminia-eilendorf.de\/schach\/wp-content\/uploads\/sites\/2\/2013\/07\/Buergerfest_20130714_101829-1536x864.jpg 1536w, https:\/\/djk-arminia-eilendorf.de\/schach\/wp-content\/uploads\/sites\/2\/2013\/07\/Buergerfest_20130714_101829-2048x1152.jpg 2048w\" sizes=\"(max-width: 2064px) 100vw, 2064px\" \/><\/p>\n<p>Danach wurde an allen Bretten im Freien trainiert.\u00a0Wir konnten den ganzen Tag Neugierige begr\u00fc\u00dfen und einige trauten sich auch, mal eine\u00a0Partie mitzuspielen. Aus unserer Sicht war das B\u00fcrgerfest eine werbewirksame Sache f\u00fcr unseren Schachsport in Eilendorf und wir w\u00fcrden uns freuen, wenn der eine oder andere Interessent auch mal nach dem B\u00fcrgerfest den Weg zu uns ins Schachheim findet, denn der n\u00e4chste Winter kommt bestimmt und wir haben etwas kurzweiliges zu bieten.\u00a0Wir\u00a0trainieren immer Dienstags ab 18:30h und Sonntags ab 10:00h am Kirchplatz 4 in der &#8222;Wei\u00dfen Schule&#8220;. Weitere Bilder gibt&#8217;s in unserer <a href=\"index.php\/schach\/bilder\/category\/63-2013-buergerfest\" title=\"Bilder vom B\u00fcrgerfest\">Bildergallerie<\/a>\u00a0!<\/p>\n","protected":false},"excerpt":{"rendered":"<p>Die Schachabteilung pr\u00e4sentierte sich am Sonntag bei strahlendem Wetter auf dem B\u00fcrgerfest.<\/p>\n","protected":false},"author":1,"featured_media":417,"comment_status":"open","ping_status":"open","sticky":false,"template":"","format":"standard","meta":{"_jetpack_memberships_contains_paid_content":false,"footnotes":""},"categories":[18],"tags":[],"class_list":["post-418","post","type-post","status-publish","format-standard","has-post-thumbnail","hentry","category-schachaktuelles-2"],"jetpack_featured_media_url":"https:\/\/djk-arminia-eilendorf.de\/schach\/wp-content\/uploads\/sites\/2\/2013\/07\/Buergerfest_20130714_101829.jpg","jetpack_sharing_enabled":true,"publishpress_future_action":{"enabled":false,"date":"2026-05-08 05:05:06","action":"change-status","newStatus":"draft","terms":[],"taxonomy":"category","extraData":[]},"publishpress_future_workflow_manual_trigger":{"enabledWorkflows":[]},"_links":{"self":[{"href":"https:\/\/djk-arminia-eilendorf.de\/schach\/wp-json\/wp\/v2\/posts\/418","targetHints":{"allow":["GET"]}}],"collection":[{"href":"https:\/\/djk-arminia-eilendorf.de\/schach\/wp-json\/wp\/v2\/posts"}],"about":[{"href":"https:\/\/djk-arminia-eilendorf.de\/schach\/wp-json\/wp\/v2\/types\/post"}],"author":[{"embeddable":true,"href":"https:\/\/djk-arminia-eilendorf.de\/schach\/wp-json\/wp\/v2\/users\/1"}],"replies":[{"embeddable":true,"href":"https:\/\/djk-arminia-eilendorf.de\/schach\/wp-json\/wp\/v2\/comments?post=418"}],"version-history":[{"count":0,"href":"https:\/\/djk-arminia-eilendorf.de\/schach\/wp-json\/wp\/v2\/posts\/418\/revisions"}],"wp:featuredmedia":[{"embeddable":true,"href":"https:\/\/djk-arminia-eilendorf.de\/schach\/wp-json\/wp\/v2\/media\/417"}],"wp:attachment":[{"href":"https:\/\/djk-arminia-eilendorf.de\/schach\/wp-json\/wp\/v2\/media?parent=418"}],"wp:term":[{"taxonomy":"category","embeddable":true,"href":"https:\/\/djk-arminia-eilendorf.de\/schach\/wp-json\/wp\/v2\/categories?post=418"},{"taxonomy":"post_tag","embeddable":true,"href":"https:\/\/djk-arminia-eilendorf.de\/schach\/wp-json\/wp\/v2\/tags?post=418"}],"curies":[{"name":"wp","href":"https:\/\/api.w.org\/{rel}","templated":true}]}}