{"id":578,"date":"2014-12-08T18:52:48","date_gmt":"2014-12-08T17:52:48","guid":{"rendered":"https:\/\/ereckers.de\/schach\/2014\/12\/08\/abschied-vom-os-eeledoerp\/"},"modified":"2014-12-08T18:52:48","modified_gmt":"2014-12-08T17:52:48","slug":"abschied-vom-os-eeledoerp","status":"publish","type":"post","link":"https:\/\/djk-arminia-eilendorf.de\/schach\/2014\/12\/08\/abschied-vom-os-eeledoerp\/","title":{"rendered":"Abschied vom Os Ieled\u00f6rp"},"content":{"rendered":"<p>Tsch\u00fcss Hildegard, Tsch\u00fcss M\u00e4\u00e4n !<\/p>\n<p><!--more--><\/p>\n<p>Zum Jahresende schlie\u00dft unser langj\u00e4hriger Treff, das Os Ieled\u00f6rp.<\/p>\n<p>Wir Schachspieler bedanken uns bei unseren Wirtsleuten Hildegard Schmitz und M\u00e4\u00e4n f\u00fcr die vielen sch\u00f6nen gemeinsamen Stunden&#8230;<\/p>\n<p><img loading=\"lazy\" decoding=\"async\" class=\" size-full wp-image-372\" src=\"https:\/\/djk-arminia-eilendorf.de\/schach\/wp-content\/uploads\/sites\/2\/2012\/08\/os-ieledrp.jpg\" border=\"0\" width=\"900\" height=\"600\" srcset=\"https:\/\/djk-arminia-eilendorf.de\/schach\/wp-content\/uploads\/sites\/2\/2012\/08\/os-ieledrp.jpg 900w, https:\/\/djk-arminia-eilendorf.de\/schach\/wp-content\/uploads\/sites\/2\/2012\/08\/os-ieledrp-300x200.jpg 300w, https:\/\/djk-arminia-eilendorf.de\/schach\/wp-content\/uploads\/sites\/2\/2012\/08\/os-ieledrp-768x512.jpg 768w\" sizes=\"auto, (max-width: 900px) 100vw, 900px\" \/><\/p>\n<p>\u00a0Nach\u00a0unserem Weihnachtsturnier ist noch mal die Gelegenheit, um sich zu verabschieden und Danke zu sagen&#8230;.<\/p>\n<p>\u00a0<\/p>\n","protected":false},"excerpt":{"rendered":"<p>Tsch\u00fcss Hildegard, Tsch\u00fcss M\u00e4\u00e4n !<\/p>\n","protected":false},"author":1,"featured_media":372,"comment_status":"open","ping_status":"open","sticky":false,"template":"","format":"standard","meta":{"_jetpack_memberships_contains_paid_content":false,"footnotes":""},"categories":[18],"tags":[],"class_list":["post-578","post","type-post","status-publish","format-standard","has-post-thumbnail","hentry","category-schachaktuelles-2"],"jetpack_featured_media_url":"https:\/\/djk-arminia-eilendorf.de\/schach\/wp-content\/uploads\/sites\/2\/2012\/08\/os-ieledrp.jpg","jetpack_sharing_enabled":true,"publishpress_future_action":{"enabled":false,"date":"2026-05-09 03:35:27","action":"change-status","newStatus":"draft","terms":[],"taxonomy":"category","extraData":[]},"publishpress_future_workflow_manual_trigger":{"enabledWorkflows":[]},"_links":{"self":[{"href":"https:\/\/djk-arminia-eilendorf.de\/schach\/wp-json\/wp\/v2\/posts\/578","targetHints":{"allow":["GET"]}}],"collection":[{"href":"https:\/\/djk-arminia-eilendorf.de\/schach\/wp-json\/wp\/v2\/posts"}],"about":[{"href":"https:\/\/djk-arminia-eilendorf.de\/schach\/wp-json\/wp\/v2\/types\/post"}],"author":[{"embeddable":true,"href":"https:\/\/djk-arminia-eilendorf.de\/schach\/wp-json\/wp\/v2\/users\/1"}],"replies":[{"embeddable":true,"href":"https:\/\/djk-arminia-eilendorf.de\/schach\/wp-json\/wp\/v2\/comments?post=578"}],"version-history":[{"count":0,"href":"https:\/\/djk-arminia-eilendorf.de\/schach\/wp-json\/wp\/v2\/posts\/578\/revisions"}],"wp:featuredmedia":[{"embeddable":true,"href":"https:\/\/djk-arminia-eilendorf.de\/schach\/wp-json\/wp\/v2\/media\/372"}],"wp:attachment":[{"href":"https:\/\/djk-arminia-eilendorf.de\/schach\/wp-json\/wp\/v2\/media?parent=578"}],"wp:term":[{"taxonomy":"category","embeddable":true,"href":"https:\/\/djk-arminia-eilendorf.de\/schach\/wp-json\/wp\/v2\/categories?post=578"},{"taxonomy":"post_tag","embeddable":true,"href":"https:\/\/djk-arminia-eilendorf.de\/schach\/wp-json\/wp\/v2\/tags?post=578"}],"curies":[{"name":"wp","href":"https:\/\/api.w.org\/{rel}","templated":true}]}}